{"id":1471,"date":"2019-09-06T11:20:44","date_gmt":"2019-09-06T11:20:44","guid":{"rendered":"http:\/\/plantin.com.pl\/?p=1471"},"modified":"2019-09-06T11:20:45","modified_gmt":"2019-09-06T11:20:45","slug":"przycinanie","status":"publish","type":"post","link":"https:\/\/plantin.com.pl\/en\/przycinanie\/","title":{"rendered":"Przycinanie"},"content":{"rendered":"\n<p>Na pocz\u0105tku marca 2017 roku \u015bci\u0119li\u015bmy 600 sztuk krzew\u00f3w do poziomu ziemi. Po 10 w ka\u017cdym rz\u0119dzie (na pocz\u0105tku rz\u0119du, w \u015brodku i na ko\u0144cu). Przyci\u0119li\u015bmy krzewy wszystkich odmian. Celem tego zabiegu by\u0142o uzyskanie krzew\u00f3w o naturalnym pokroju charakterystycznym dla ka\u017cdej odmiany, gdy\u017c p\u0119dy, kt\u00f3re wyros\u0142y w szk\u00f3\u0142ce s\u0105 nienaturalnie rozga\u0142\u0119zione, cz\u0119sto skrzy\u017cowane lub rosn\u0105 poziomo. Efekt, jak si\u0119 p\u00f3\u017aniej okaza\u0142o jest niesamowity. Jednoroczne p\u0119dy, po 3 miesi\u0105cach dogoni\u0142y wielko\u015bci\u0105 krzewy nieci\u0119te. Co wi\u0119cej, na p\u0119dach niekt\u00f3rych odmian wyros\u0142ych z szyjki korzeniowej lub u podstawy krzew\u00f3w pojawi\u0142y si\u0119 kwiaty i owoce. Pokr\u00f3j wi\u0119kszo\u015bci odmian jest wyra\u017anie wzniesiony, o du\u017cej ilo\u015bci p\u0119d\u00f3w pionowych. W zwi\u0105zku z tym mo\u017cna wst\u0119pnie potwierdzi\u0107 przydatno\u015b\u0107 niekt\u00f3rych odmian do zbioru mechanicznego \u2013 przynajmniej je\u017celi idzie o pokr\u00f3j sprzyjaj\u0105cy zbiorowi mechanicznemu. <\/p>\n\n\n\n<figure class=\"wp-block-image\"><img fetchpriority=\"high\" decoding=\"async\" width=\"831\" height=\"555\" src=\"https:\/\/plantin.com.pl\/wp-content\/uploads\/2019\/09\/DSC02644.jpg\" alt=\"\" class=\"wp-image-1473\" srcset=\"https:\/\/plantin.com.pl\/wp-content\/uploads\/2019\/09\/DSC02644.jpg 831w, https:\/\/plantin.com.pl\/wp-content\/uploads\/2019\/09\/DSC02644-300x200.jpg 300w, https:\/\/plantin.com.pl\/wp-content\/uploads\/2019\/09\/DSC02644-768x513.jpg 768w\" sizes=\"(max-width: 831px) 100vw, 831px\" \/><\/figure>\n","protected":false},"excerpt":{"rendered":"<p>Na pocz\u0105tku marca 2017 roku \u015bci\u0119li\u015bmy 600 sztuk krzew\u00f3w do poziomu ziemi. Po 10 w ka\u017cdym rz\u0119dzie (na pocz\u0105tku rz\u0119du, w \u015brodku i na ko\u0144cu). Przyci\u0119li\u015bmy krzewy wszystkich odmian. Celem tego zabiegu by\u0142o uzyskanie krzew\u00f3w o naturalnym pokroju charakterystycznym dla ka\u017cdej odmiany, gdy\u017c p\u0119dy, kt\u00f3re wyros\u0142y w szk\u00f3\u0142ce s\u0105 nienaturalnie rozga\u0142\u0119zione, cz\u0119sto skrzy\u017cowane lub rosn\u0105 [&hellip;]<\/p>\n","protected":false},"author":2,"featured_media":1472,"comment_status":"open","ping_status":"open","sticky":false,"template":"","format":"standard","meta":{"_acf_changed":false,"footnotes":""},"categories":[1],"tags":[],"class_list":["post-1471","post","type-post","status-publish","format-standard","has-post-thumbnail","hentry","category-aktualnosci"],"acf":[],"_links":{"self":[{"href":"https:\/\/plantin.com.pl\/en\/wp-json\/wp\/v2\/posts\/1471","targetHints":{"allow":["GET"]}}],"collection":[{"href":"https:\/\/plantin.com.pl\/en\/wp-json\/wp\/v2\/posts"}],"about":[{"href":"https:\/\/plantin.com.pl\/en\/wp-json\/wp\/v2\/types\/post"}],"author":[{"embeddable":true,"href":"https:\/\/plantin.com.pl\/en\/wp-json\/wp\/v2\/users\/2"}],"replies":[{"embeddable":true,"href":"https:\/\/plantin.com.pl\/en\/wp-json\/wp\/v2\/comments?post=1471"}],"version-history":[{"count":1,"href":"https:\/\/plantin.com.pl\/en\/wp-json\/wp\/v2\/posts\/1471\/revisions"}],"predecessor-version":[{"id":1474,"href":"https:\/\/plantin.com.pl\/en\/wp-json\/wp\/v2\/posts\/1471\/revisions\/1474"}],"wp:featuredmedia":[{"embeddable":true,"href":"https:\/\/plantin.com.pl\/en\/wp-json\/wp\/v2\/media\/1472"}],"wp:attachment":[{"href":"https:\/\/plantin.com.pl\/en\/wp-json\/wp\/v2\/media?parent=1471"}],"wp:term":[{"taxonomy":"category","embeddable":true,"href":"https:\/\/plantin.com.pl\/en\/wp-json\/wp\/v2\/categories?post=1471"},{"taxonomy":"post_tag","embeddable":true,"href":"https:\/\/plantin.com.pl\/en\/wp-json\/wp\/v2\/tags?post=1471"}],"curies":[{"name":"wp","href":"https:\/\/api.w.org\/{rel}","templated":true}]}}